{"id":3149,"date":"2022-03-23T10:41:24","date_gmt":"2022-03-23T08:41:24","guid":{"rendered":"https:\/\/dwc.ro\/?p=3149"},"modified":"2022-03-23T10:41:24","modified_gmt":"2022-03-23T08:41:24","slug":"dwc-maerz-clubtreffen","status":"publish","type":"post","link":"https:\/\/dwc.ro\/ro\/dwc-maerz-clubtreffen\/","title":{"rendered":"DWC M\u00e4rz Clubtreffen"},"content":{"rendered":"<p>Liebe Clubfreunde,<\/p>\n<p>Wir freuen uns, Sie zu unserem M\u00e4rz Clubtreffen wieder einmal zu einer wichtigen Institution in Temeswar einladen zu k\u00f6nnen: Dieses Mal bieten wir eine sehr interessamte (auch wegen der aktuellen Situation), deutschsprachige\u00a0<strong><em>Tour in der Revolutionsgedenkst\u00e4tte<\/em><\/strong>\u00a0an. In ganz Rum\u00e4nien gibt es leider wenige Einrichtungen, die an das totalit\u00e4re kommunistische System und an die Revolution von 1989, die dieses beendete, erinnern. In Temeswar gibt es seit Jahren das Revolutions Memorial dazu, dass leider wenig bekannt ist und sehr wenig Unterst\u00fctzung erh\u00e4lt!<\/p>\n<p>Die Gedenkst\u00e4tte zeigt auf beeindruckende Weise die damalige Situation, die Diktatur und die Revolution. Etwa mit originalen Kleidungsst\u00fccke von Opfern der Revolution, sowie damaliger Waffen, durchgeschossene Flaggen, Bilder die damals von Kinder gemalen worden waren und vieles mehr. Nachdem Rundgang und einer kurzen Pr\u00e4sentation laden wir Sie zu einem kleinen Imbiss ein.<\/p>\n<p>Wir treffen uns\u00a0<strong>am Donnerstag, den 17.03.2022, um 19:00 Uhr in der Revolutionsgedenkst\u00e4tte,\u00a0<\/strong><strong>Strada Oituz nr. 2B, Timi\u0219oara\u00a0<\/strong>(zwischen Marasesti und punctele Cardinale)<strong>\u00a0<\/strong>und erwarten Sie in hoher Anzahl!<\/p>\n<p>Bitte leden Sie sich wieder per Email unter\u00a0\u00a0\u00a0<strong><a href=\"mailto:office@dwc.ro\">office@dwc.ro<\/a><\/strong>\u00a0\u00a0\u00a0 an!<\/p>\n<p>Vielen Dank.<\/p>\n<p>&#8212;&#8212;&#8212;&#8212;&#8212;&#8212;&#8212;&#8212;&#8212;&#8212;&#8212;&#8212;&#8212;&#8212;&#8212;&#8212;&#8212;&#8212;&#8212;&#8212;&#8212;&#8212;&#8212;&#8212;&#8212;&#8212;&#8212;&#8212;&#8212;&#8212;&#8212;&#8212;&#8212;&#8212;&#8212;&#8212;&#8211;<\/p>\n<p>Dragi prieteni de club,<\/p>\n<p>Ne face pl\u0103cere s\u0103 v\u0103 putem invita \u00eenc\u0103 o dat\u0103 la \u00eent\u00e2lnirea clubului nostru din martie la o institu\u021bie important\u0103 din Timi\u0219oara: De data aceasta v\u0103 oferim un tur foarte interesant (\u0219i din cauza situa\u021biei actuale) de limb\u0103 german\u0103 a <strong>memorialului revolu\u021biei.<\/strong> Din p\u0103cate, \u00een Rom\u00e2nia exist\u0103 pu\u021bine facilit\u0103\u021bi care s\u0103 comemoreze sistemul totalitar comunist \u0219i revolu\u021bia din 1989 care ia pus cap\u0103t. La Timisoara exista de ani de zile Memorialul Revolutiilor despre care din pacate se stie putine si primeste foarte putin sprijin!<\/p>\n<p>Memorialul arat\u0103 impresionant situa\u021bia de atunci, dictatura \u0219i revolu\u021bia. De exemplu, cu articole vestimentare originale de la victimele revolu\u021biei, precum \u0219i cu arme de atunci, steaguri care fuseser\u0103 \u00eempu\u0219cate, tablouri care fuseser\u0103 pictate de copii la acea vreme \u0219i multe altele. Dup\u0103 tur \u0219i o scurt\u0103 prezentare, v\u0103 invit\u0103m la o mic\u0103 gustare.<\/p>\n<p>Ne \u00eent\u00e2lnim <strong>joi, 17 martie 2022 la ora 19.00 la Memorialul(muzeul) Revolu\u021biei,<\/strong> Strada Oituz nr. 2B, Timi\u0219oara (\u00eentre M\u0103r\u0103\u0219e\u0219ti \u0219i punctele Cardinale) \u0219i v\u0103 a\u0219teapt\u0103 \u00een num\u0103r mare!<\/p>\n<p>V\u0103 rug\u0103m s\u0103\u00a0confirma\u021bi\u00a0din nou prin e-mail la <a href=\"mailto:office@dwc.ro\">office@dwc.ro<\/a>!<\/p>\n<p>&nbsp;<\/p>\n<p>Multumesc foarte mult.<\/p>\n<p>Cu stima<\/p>\n<p>Mit herzlichen Gr\u00fcssen<\/p>\n<p>Ihr Vorstand, DWC Banat<\/p>","protected":false},"excerpt":{"rendered":"<p>Liebe Clubfreunde, Wir freuen uns, Sie zu unserem M\u00e4rz Clubtreffen wieder einmal zu einer wichtigen Institution in Temeswar einladen zu k\u00f6nnen: Dieses Mal bieten wir eine sehr interessamte (auch wegen der aktuellen Situation), deutschsprachige\u00a0Tour in der Revolutionsgedenkst\u00e4tte\u00a0an. In ganz Rum\u00e4nien&hellip;<\/p>","protected":false},"author":1,"featured_media":0,"comment_status":"open","ping_status":"open","sticky":false,"template":"","format":"standard","meta":[],"categories":[153,157],"tags":[],"post_series":[],"_links":{"self":[{"href":"https:\/\/dwc.ro\/ro\/wp-json\/wp\/v2\/posts\/3149"}],"collection":[{"href":"https:\/\/dwc.ro\/ro\/wp-json\/wp\/v2\/posts"}],"about":[{"href":"https:\/\/dwc.ro\/ro\/wp-json\/wp\/v2\/types\/post"}],"author":[{"embeddable":true,"href":"https:\/\/dwc.ro\/ro\/wp-json\/wp\/v2\/users\/1"}],"replies":[{"embeddable":true,"href":"https:\/\/dwc.ro\/ro\/wp-json\/wp\/v2\/comments?post=3149"}],"version-history":[{"count":1,"href":"https:\/\/dwc.ro\/ro\/wp-json\/wp\/v2\/posts\/3149\/revisions"}],"predecessor-version":[{"id":3150,"href":"https:\/\/dwc.ro\/ro\/wp-json\/wp\/v2\/posts\/3149\/revisions\/3150"}],"wp:attachment":[{"href":"https:\/\/dwc.ro\/ro\/wp-json\/wp\/v2\/media?parent=3149"}],"wp:term":[{"taxonomy":"category","embeddable":true,"href":"https:\/\/dwc.ro\/ro\/wp-json\/wp\/v2\/categories?post=3149"},{"taxonomy":"post_tag","embeddable":true,"href":"https:\/\/dwc.ro\/ro\/wp-json\/wp\/v2\/tags?post=3149"},{"taxonomy":"post_series","embeddable":true,"href":"https:\/\/dwc.ro\/ro\/wp-json\/wp\/v2\/post_series?post=3149"}],"curies":[{"name":"wp","href":"https:\/\/api.w.org\/{rel}","templated":true}]}}