{"id":3364,"date":"2023-03-21T10:15:51","date_gmt":"2023-03-21T08:15:51","guid":{"rendered":"https:\/\/dwc.ro\/?p=3364"},"modified":"2023-03-21T10:15:51","modified_gmt":"2023-03-21T08:15:51","slug":"maerz-clubtreffen","status":"publish","type":"post","link":"https:\/\/dwc.ro\/ro\/maerz-clubtreffen\/","title":{"rendered":"Maerz Clubtreffen"},"content":{"rendered":"<p>Liebe Clubfreunde,<\/p>\n<p>&nbsp;<\/p>\n<p>wir mussten unsere Veranstaltungs-Vorank\u00fcndigung kurzfristig ab\u00e4ndern:<\/p>\n<p>&nbsp;<\/p>\n<p>Unser M\u00e4rz Clubtreffen hat die &#8220;Nachhaltige Mobilit\u00e4t in Temeswar&#8221; zum Thema, dazu spricht Oberb\u00fcrgermeister Dominik Fritz zu uns.<\/p>\n<p>Anschliessend pr\u00e4sentatiert Raluca Fiser das Fahrradverleihssystems Ivelo f\u00fcr Temeswar. Die Stadt w\u00fcnscht sich das Projekt, w\u00e4rend der Kulturhaupstadt Europas in Betrieb zu setzen und es kostenlos allen zur Verf\u00fcgung zu stellen (das bisherige System funktioniert wohl schlecht und umst\u00e4ndlich). Das Projekt sollte nicht nur dem Umweltschutz der Stadt dienen, sonder u.a. auch zu einem nachhaltingen Transport f\u00fcr die Mitarbeiter unserer Unternehmen beitragen.<\/p>\n<p>&nbsp;<\/p>\n<p>Das Clubtreffen wird im Saal des Hotels LIDO (Bd. Liviu Rebreanu nr.166<\/p>\n<p>300736 Timisoara) am 9.3. um 19:00 Uhr stattfinden.<\/p>\n<p>Der Kostenbeitrag betr\u00e4gt RON 120 pro Person.<\/p>\n<p>Bitte melden Sie sich bis am 07.02.2023\u00a0 per E-mail an bei <a href=\"mailto:office@dwc.ro\">office@dwc.ro<\/a><\/p>\n<p>&nbsp;<\/p>\n<p>&#8212;&#8212;<\/p>\n<p>&nbsp;<\/p>\n<p>Dragi prieteni de club,<\/p>\n<p>&nbsp;<\/p>\n<p>a trebuit s\u0103 ne schimb\u0103m planul legat de evenimentul din aceasta luna:<\/p>\n<p>&nbsp;<\/p>\n<p>\u00cent\u00e2lnirea clubului din luna martie are ca subiect \u201eMobilitatea durabil\u0103 \u00een Timi\u0219oara\u201d, iar domnul primar, Dominik Fritz, ne va vorbi despre asta.<\/p>\n<p>Raluca Fiser va prezenta apoi sistemul de inchiriere de biciclete Ivelo pentru Timisoara. Ora\u0219ul dore\u0219te s\u0103 pun\u0103 \u00een func\u021biune proiectul \u00een perioada Capitalei Culturale Europene \u0219i s\u0103-l pun\u0103 la dispozi\u021bie tuturor \u00een mod gratuit (sistemul actual nu pare s\u0103 func\u021bioneze bine). Proiectul nu trebuie doar s\u0103 ajutela protejarea mediului ora\u0219ului, ci \u0219i s\u0103 contribuie la transportul durabil pentru angaja\u021bii companiilor noastre.<\/p>\n<p>&nbsp;<\/p>\n<p>Intalnirea clubului va avea loc \u00een sala de evenimente a hotelului LIDO (Bd. Liviu Rebreanu nr.166 300736 Timi\u0219oara) \u00een data de 9 martie la ora 19:00.<\/p>\n<p>Costul de persoana este de 120 RON.<\/p>\n<p>V\u0103 rug\u0103m s\u0103 v\u0103 \u00eenscrie\u021bi p\u00e2n\u0103 la data de 07.02.2023 prin e-mail la <a href=\"mailto:office@dwc.ro\">office@dwc.ro<\/a>!<\/p>\n<p>&nbsp;<\/p>\n<p>Va multumim!<\/p>\n<p>&nbsp;<\/p>\n<p>Cu stima,<\/p>\n<p>Mit herzlichen Gr\u00fcssen,<\/p>\n<p>Ihr Clubvorstand<\/p>\n<p>DWC Banat<\/p>","protected":false},"excerpt":{"rendered":"<p>Liebe Clubfreunde, &nbsp; wir mussten unsere Veranstaltungs-Vorank\u00fcndigung kurzfristig ab\u00e4ndern: &nbsp; Unser M\u00e4rz Clubtreffen hat die &#8220;Nachhaltige Mobilit\u00e4t in Temeswar&#8221; zum Thema, dazu spricht Oberb\u00fcrgermeister Dominik Fritz zu uns. Anschliessend pr\u00e4sentatiert Raluca Fiser das Fahrradverleihssystems Ivelo f\u00fcr Temeswar. Die Stadt w\u00fcnscht&hellip;<\/p>","protected":false},"author":1,"featured_media":0,"comment_status":"open","ping_status":"open","sticky":false,"template":"","format":"standard","meta":[],"categories":[179,184],"tags":[],"post_series":[],"_links":{"self":[{"href":"https:\/\/dwc.ro\/ro\/wp-json\/wp\/v2\/posts\/3364"}],"collection":[{"href":"https:\/\/dwc.ro\/ro\/wp-json\/wp\/v2\/posts"}],"about":[{"href":"https:\/\/dwc.ro\/ro\/wp-json\/wp\/v2\/types\/post"}],"author":[{"embeddable":true,"href":"https:\/\/dwc.ro\/ro\/wp-json\/wp\/v2\/users\/1"}],"replies":[{"embeddable":true,"href":"https:\/\/dwc.ro\/ro\/wp-json\/wp\/v2\/comments?post=3364"}],"version-history":[{"count":1,"href":"https:\/\/dwc.ro\/ro\/wp-json\/wp\/v2\/posts\/3364\/revisions"}],"predecessor-version":[{"id":3365,"href":"https:\/\/dwc.ro\/ro\/wp-json\/wp\/v2\/posts\/3364\/revisions\/3365"}],"wp:attachment":[{"href":"https:\/\/dwc.ro\/ro\/wp-json\/wp\/v2\/media?parent=3364"}],"wp:term":[{"taxonomy":"category","embeddable":true,"href":"https:\/\/dwc.ro\/ro\/wp-json\/wp\/v2\/categories?post=3364"},{"taxonomy":"post_tag","embeddable":true,"href":"https:\/\/dwc.ro\/ro\/wp-json\/wp\/v2\/tags?post=3364"},{"taxonomy":"post_series","embeddable":true,"href":"https:\/\/dwc.ro\/ro\/wp-json\/wp\/v2\/post_series?post=3364"}],"curies":[{"name":"wp","href":"https:\/\/api.w.org\/{rel}","templated":true}]}}